[{"@context":"https:\/\/schema.org\/","@type":"Article","@id":"https:\/\/www.bouzkova.cz\/mate-eternitovou-strechu\/#Article","mainEntityOfPage":"https:\/\/www.bouzkova.cz\/mate-eternitovou-strechu\/","headline":"M\u00e1te eternitovou st\u0159echu?","name":"M\u00e1te eternitovou st\u0159echu?","description":"Na na\u0161ich budov\u00e1ch se m\u016f\u017eeme setkat s r\u016fzn\u00fdmi st\u0159echami. A na takov\u00e9 r\u016fzn\u00e9 st\u0159echy jsou samoz\u0159ejm\u011b vyu\u017eity i r\u016fzn\u00e9 st\u0159e\u0161n\u00ed krytiny. Kter\u00e9 n\u00e1m lidem maj\u00ed slou\u017eit k tomu, aby na n\u00e1s nepr\u0161elo, nesn\u011b\u017eilo, aby n\u00e1m do objekt\u016f nefoukal v\u00edtr a podobn\u011b. St\u0159e\u0161n\u00ed krytiny jsou skute\u010dn\u011b r\u016fzn\u00e9. A pat\u0159\u00ed k nim t\u0159eba i eternit, kter\u00fd zn\u00e1m [&hellip;]","datePublished":"2025-10-09","dateModified":"2025-10-09","author":{"@type":"Person","@id":"https:\/\/www.bouzkova.cz\/author\/#Person","name":"","url":"https:\/\/www.bouzkova.cz\/author\/","identifier":1,"image":{"@type":"ImageObject","@id":"https:\/\/secure.gravatar.com\/avatar\/f08fec9e5d161146672022190172bcb121f980bd7a64f251ea643f4b19d0f071?s=96&d=mm&r=g","url":"https:\/\/secure.gravatar.com\/avatar\/f08fec9e5d161146672022190172bcb121f980bd7a64f251ea643f4b19d0f071?s=96&d=mm&r=g","height":96,"width":96}},"publisher":{"@type":"Organization","name":"bouzkova.cz","logo":{"@type":"ImageObject","@id":"\/logo.png","url":"\/logo.png","width":600,"height":60}},"url":"https:\/\/www.bouzkova.cz\/mate-eternitovou-strechu\/","wordCount":240,"articleBody":"        Na na\u0161ich budov\u00e1ch se m\u016f\u017eeme setkat s r\u016fzn\u00fdmi st\u0159echami. A na takov\u00e9 r\u016fzn\u00e9 st\u0159echy jsou samoz\u0159ejm\u011b vyu\u017eity i r\u016fzn\u00e9 st\u0159e\u0161n\u00ed krytiny. Kter\u00e9 n\u00e1m lidem maj\u00ed slou\u017eit k tomu, aby na n\u00e1s nepr\u0161elo, nesn\u011b\u017eilo, aby n\u00e1m do objekt\u016f nefoukal v\u00edtr a podobn\u011b. St\u0159e\u0161n\u00ed krytiny jsou skute\u010dn\u011b r\u016fzn\u00e9. A pat\u0159\u00ed k nim t\u0159eba i eternit, kter\u00fd zn\u00e1m odmala. A to jsem byl mal\u00fd u\u017e hodn\u011b d\u00e1vno. A stejn\u011b jako v\u0161echno na sv\u011bt\u011b i takov\u00fd eternit jednoho dne doslou\u017e\u00ed. Nebo se sv\u00e9mu majiteli p\u0159estane l\u00edbit a je rozhodnuto o jeho odstran\u011bn\u00ed a v\u00fdm\u011bn\u011b. A co potom n\u00e1sleduje? Pochopiteln\u011b demont\u00e1\u017e takov\u00e9 st\u0159echy a likvidace eternitu. Demont\u00e1\u017e\u00ed to nekon\u010d\u00ed Eternitovou st\u0159echu ale nesta\u010d\u00ed jenom rozebrat. Je t\u0159eba tak\u00e9 odstran\u011bnou st\u0159e\u0161n\u00ed krytinu n\u011bkam n\u011bjak odv\u00e9zt. A likvidace azbestu nebo eternitu nen\u00ed mali\u010dkost. Tak\u017ee a\u0165 u\u017e m\u00e1me st\u0159e\u0161n\u00ed krytinu sundanou a p\u0159ipravenou k odvozu nebo ji chceme od n\u011bkoho i sundat, je z\u00e1hodno sehnat odborn\u00edky. A zaj\u00edmat se i o to, jak\u00e1 je u likvidace eternitu cena za m2. Proto\u017ee jenom profesion\u00e1lov\u00e9 odvedou dobrou pr\u00e1ci a jenom n\u011bkte\u0159\u00ed jsou tak cenov\u011b v\u00fdhodn\u00ed, abychom se pro n\u011b rozhodli.                                                                                                                                                                                                                                                                                                                                                                                                  "},{"@context":"https:\/\/schema.org\/","@type":"BreadcrumbList","itemListElement":[{"@type":"ListItem","position":1,"name":"M\u00e1te eternitovou st\u0159echu?","item":"https:\/\/www.bouzkova.cz\/mate-eternitovou-strechu\/#breadcrumbitem"}]}]