[{"@context":"https:\/\/schema.org\/","@type":"Article","@id":"https:\/\/www.bouzkova.cz\/jsou-kulturni-akce-ve-mestech-skutecne-dobre\/#Article","mainEntityOfPage":"https:\/\/www.bouzkova.cz\/jsou-kulturni-akce-ve-mestech-skutecne-dobre\/","headline":"Jsou kulturn\u00ed akce ve m\u011bstech skute\u010dn\u011b dobr\u00e9?","name":"Jsou kulturn\u00ed akce ve m\u011bstech skute\u010dn\u011b dobr\u00e9?","description":"Jednou z\u00a0v\u011bc\u00ed, kter\u00e9 najdeme prakticky v\u00a0ka\u017ed\u00e9m m\u011bst\u011b i na mnoha vesnic\u00edch jsou nejr\u016fzn\u011bj\u0161\u00ed akce a festivaly. Ty se obvykle po\u0159\u00e1daj\u00ed pravideln\u011b, p\u0159i\u010dem\u017e v\u011bt\u0161inou je to n\u011bkolik akc\u00ed do roka. C\u00edlem je p\u0159il\u00e1kat turisty, kte\u0159\u00ed zde utrat\u00ed pen\u00edze, kter\u00e9 pomohou m\u011bstsk\u00e9mu (\u010di obecn\u00edmu) rozpo\u010dtu. A v\u00a0dne\u0161n\u00ed ekonomick\u00e9 situaci je jasn\u00e9, pro\u010d je to pot\u0159eba. Je v\u0161ak [&hellip;]","datePublished":"2023-09-23","dateModified":"2023-09-23","author":{"@type":"Person","@id":"https:\/\/www.bouzkova.cz\/author\/#Person","name":"","url":"https:\/\/www.bouzkova.cz\/author\/","identifier":1,"image":{"@type":"ImageObject","@id":"https:\/\/secure.gravatar.com\/avatar\/f08fec9e5d161146672022190172bcb121f980bd7a64f251ea643f4b19d0f071?s=96&d=mm&r=g","url":"https:\/\/secure.gravatar.com\/avatar\/f08fec9e5d161146672022190172bcb121f980bd7a64f251ea643f4b19d0f071?s=96&d=mm&r=g","height":96,"width":96}},"publisher":{"@type":"Organization","name":"bouzkova.cz","logo":{"@type":"ImageObject","@id":"\/logo.png","url":"\/logo.png","width":600,"height":60}},"image":{"@type":"ImageObject","@id":"https:\/\/www.bouzkova.cz\/wp-content\/uploads\/Praha1_10_10.jpg","url":"https:\/\/www.bouzkova.cz\/wp-content\/uploads\/Praha1_10_10.jpg","height":0,"width":0},"url":"https:\/\/www.bouzkova.cz\/jsou-kulturni-akce-ve-mestech-skutecne-dobre\/","about":["Kultura"],"wordCount":415,"articleBody":"Jednou z\u00a0v\u011bc\u00ed, kter\u00e9 najdeme prakticky v\u00a0ka\u017ed\u00e9m m\u011bst\u011b i na mnoha vesnic\u00edch jsou nejr\u016fzn\u011bj\u0161\u00ed akce a festivaly. Ty se obvykle po\u0159\u00e1daj\u00ed pravideln\u011b, p\u0159i\u010dem\u017e v\u011bt\u0161inou je to n\u011bkolik akc\u00ed do roka. C\u00edlem je p\u0159il\u00e1kat turisty, kte\u0159\u00ed zde utrat\u00ed pen\u00edze, kter\u00e9 pomohou m\u011bstsk\u00e9mu (\u010di obecn\u00edmu) rozpo\u010dtu. A v\u00a0dne\u0161n\u00ed ekonomick\u00e9 situaci je jasn\u00e9, pro\u010d je to pot\u0159eba. Je v\u0161ak ot\u00e1zkou, zda tato metoda skute\u010dn\u011b funguje, nebo je pro m\u011bsto sp\u00ed\u0161e p\u0159\u00edt\u011b\u017e\u00ed.\u00a0\u00a0Nesm\u00edme toti\u017e zapom\u00ednat, \u017ee po\u0159adatel\u00e9 maj\u00ed tak\u00e9 pom\u011brn\u011b velk\u00e9 v\u00fddaje. A zdaleka nejde jen o pron\u00e1jem ur\u010dit\u00fdch ploch, kter\u00e9 mohou b\u00fdt v\u00a0soukrom\u00e9m vlastnictv\u00ed, ale tak\u00e9 v\u00a0zaplacen\u00ed nejr\u016fzn\u011bj\u0161\u00edch kapel a dal\u0161\u00edch host\u016f, kte\u0159\u00ed se akce \u00fa\u010dastn\u00ed. A tato \u010d\u00e1stka m\u016f\u017ee dos\u00e1hnout skute\u010dn\u011b velk\u00fdch v\u00fd\u0161ek.\u00a0Tak\u00e9 nen\u00ed nikdy jasn\u00e9, kolik lid\u00ed vlastn\u011b p\u0159ijde. A v\u00a0sou\u010dasn\u00e9 dob\u011b jejich po\u010det neust\u00e1le kles\u00e1, pr\u00e1v\u011b vzhledem k\u00a0ekonomick\u00e9 situaci \u2013 lid\u00e9 zkr\u00e1tka nemaj\u00ed tolik pen\u011bz, aby se mohli \u00fa\u010dastnit, zvl\u00e1\u0161t\u011b pokud to nen\u00ed v\u00a0jejich m\u011bst\u011b. P\u0159itom naopak ceny on\u011bch pron\u00e1jm\u016f neust\u00e1le rostou. Tyto akce se tedy v\u00a0posledn\u00edch letech st\u00e1vaj\u00ed st\u00e1le v\u00edce prod\u011ble\u010dn\u00fdmi.\u00a0\u00a0Na druh\u00e9 stran\u011b v\u0161ak nen\u00ed pochyb, \u017ee n\u011bkter\u00e9 z\u00a0nich se ji\u017e staly sou\u010d\u00e1st\u00ed koloritu m\u011bsta, a m\u00edstn\u00ed si ji\u017e \u017eivot bez n\u00ed nedovedou p\u0159edstavit. V\u00a0takov\u00e9m p\u0159\u00edpad\u011b by nebylo dobr\u00e9, aby ji radnice zru\u0161ila \u2013 tedy pokud si cht\u011bj\u00ed m\u00edstn\u00ed zastupitel\u00e9 zachovat sv\u00e1 k\u0159esla i v\u00a0dal\u0161\u00edm volebn\u00edm obdob\u00ed.\u00a0Je tedy jasn\u00e9, \u017ee cel\u00e1 situace nen\u00ed tak jednoduch\u00e1, jak by se mohlo zd\u00e1t. K\u00a0tomu nav\u00edc mus\u00edme p\u0159ipo\u010d\u00edtat i fakt, \u017ee nap\u0159\u00edklad n\u011bkte\u0159\u00ed m\u00edstn\u00ed nemus\u00ed se v\u0161emi akcemi souhlasit. N\u011bkomu nap\u0159\u00edklad vad\u00ed neust\u00e1l\u00e1 hlasit\u00e1 hudba, dal\u0161\u00ed si m\u016f\u017ee st\u011b\u017eovat na p\u0159em\u00edru opil\u00fdch lid\u00ed, jin\u00fd zase na spoustu odpadk\u016f, kter\u00e9 v\u017edy nakonec z\u016fstanou.\u00a0Nen\u00ed v\u0161ak pochyb, \u017ee a\u010dkoliv se po\u010det akc\u00ed s\u00a0nejv\u011bt\u0161\u00ed pravd\u011bpodobnost\u00ed bude v\u00a0dal\u0161\u00edch letech sni\u017eovat, mnoh\u00e9 z\u00a0nich i nad\u00e1le z\u016fstanou, aby p\u0159il\u00e1kaly jak m\u00edstn\u00ed, tak i p\u0159espoln\u00ed.                                                                                                                                                                                                                                                                                                                                                                                                "},{"@context":"https:\/\/schema.org\/","@type":"BreadcrumbList","itemListElement":[{"@type":"ListItem","position":1,"name":"Jsou kulturn\u00ed akce ve m\u011bstech skute\u010dn\u011b dobr\u00e9?","item":"https:\/\/www.bouzkova.cz\/jsou-kulturni-akce-ve-mestech-skutecne-dobre\/#breadcrumbitem"}]}]