[{"@context":"https:\/\/schema.org\/","@type":"Article","@id":"https:\/\/www.bouzkova.cz\/ja-a-motorka\/#Article","mainEntityOfPage":"https:\/\/www.bouzkova.cz\/ja-a-motorka\/","headline":"J\u00e1 a motorka","name":"J\u00e1 a motorka","description":"V\u017edycky jsem m\u011bla r\u00e1da motorky, kter\u00e9 m\u011b u\u017e del\u0161\u00ed dobu fascinovaly. A nem\u016f\u017eu st\u00e1le uv\u011b\u0159it tomu, kdy\u017e mi n\u011bkdo nap\u0159\u00edklad \u0159ekne, \u017ee nem\u00e1 r\u00e1d motorky. Opravdu si to nedok\u00e1\u017ei p\u0159edstavit, proto\u017ee motorky jsou p\u0159ece tak \u00fa\u017easn\u00e9 a je na nich takov\u00e1 nepopsateln\u00e1 z\u00e1bava. Mo\u017en\u00e1 je to tak\u00e9 kv\u016fli tomu, \u017ee j\u00e1 jsem vlastn\u011b vyr\u016fstala v [&hellip;]","datePublished":"2023-03-02","dateModified":"2023-03-02","author":{"@type":"Person","@id":"https:\/\/www.bouzkova.cz\/author\/#Person","name":"","url":"https:\/\/www.bouzkova.cz\/author\/","identifier":1,"image":{"@type":"ImageObject","@id":"https:\/\/secure.gravatar.com\/avatar\/f08fec9e5d161146672022190172bcb121f980bd7a64f251ea643f4b19d0f071?s=96&d=mm&r=g","url":"https:\/\/secure.gravatar.com\/avatar\/f08fec9e5d161146672022190172bcb121f980bd7a64f251ea643f4b19d0f071?s=96&d=mm&r=g","height":96,"width":96}},"publisher":{"@type":"Organization","name":"bouzkova.cz","logo":{"@type":"ImageObject","@id":"\/logo.png","url":"\/logo.png","width":600,"height":60}},"image":{"@type":"ImageObject","@id":"https:\/\/www.bouzkova.cz\/wp-content\/uploads\/harley-davidson-422698_1280.jpg","url":"https:\/\/www.bouzkova.cz\/wp-content\/uploads\/harley-davidson-422698_1280.jpg","height":0,"width":0},"url":"https:\/\/www.bouzkova.cz\/ja-a-motorka\/","about":["Moto"],"wordCount":426,"articleBody":"V\u017edycky jsem m\u011bla r\u00e1da motorky, kter\u00e9 m\u011b u\u017e del\u0161\u00ed dobu fascinovaly. A nem\u016f\u017eu st\u00e1le uv\u011b\u0159it tomu, kdy\u017e mi n\u011bkdo nap\u0159\u00edklad \u0159ekne, \u017ee nem\u00e1 r\u00e1d motorky. Opravdu si to nedok\u00e1\u017ei p\u0159edstavit, proto\u017ee motorky jsou p\u0159ece tak \u00fa\u017easn\u00e9 a je na nich takov\u00e1 nepopsateln\u00e1 z\u00e1bava. Mo\u017en\u00e1 je to tak\u00e9 kv\u016fli tomu, \u017ee j\u00e1 jsem vlastn\u011b vyr\u016fstala v takov\u00e9 rodin\u011b, kde v\u0161ichni byli motork\u00e1\u0159i. A to nepo\u010d\u00edt\u00e1m tu kr\u00e1snou a vo\u0148avou k\u016f\u017ei, kterou v\u017edycky t\u0159eba obl\u00e9kali \u010dlenov\u00e9 rodiny, kdy\u017e jeli t\u0159eba na celodenn\u00ed v\u00fdlet motorkou. Mus\u00edm uznat, \u017ee to v\u017edycky byla opravdu velik\u00e1 z\u00e1bava. J\u00e1 jsem poprv\u00e9 na motorce u\u017e sed\u011bla ve dvan\u00e1cti letech, kdy m\u011b m\u016fj otec anebo n\u011bkdy m\u016fj bratr tak\u00e9 vozili na motorce jako spolujezdce. Ihned jsem v t\u00e9 dob\u011b v\u011bd\u011bla, kdy\u017e bylo dvan\u00e1ct let, \u017ee si tak\u00e9 jednoho dne po\u0159\u00edd\u00edm motorku. A jakmile mi padl patn\u00e1ct\u00fd\u00a0rok \u017eivota, tak jsem si po\u0159\u00eddila opravdu tu nejleh\u010d\u00ed motorku, jako nap\u0159\u00edklad sk\u00fatr. A na tohle jsem mohla m\u00edt \u0159idi\u010d\u00e1k, tak\u017ee jsem byla opravdu nad\u0161en\u00e1, \u017ee tohle u\u017e m\u016f\u017eu m\u00edt. Mysl\u00edm si, \u017ee to bylo opravdu perfektn\u00ed. Proto jsem si tak\u00e9 \u0159ekla, \u017ee jakmile mi potom padne osmn\u00e1ct\u00fd rok \u017eivota, \u017ee si ud\u011bl\u00e1m na siln\u011bj\u0161\u00ed motorku \u0159idi\u010dsk\u00fd pr\u016fkaz a tak\u00e9 si potom koup\u00edm motorku. A jak\u00e9 bylo moje p\u0159ekvapen\u00ed, kdy\u017e jsem ud\u011blala napoprv\u00e9 \u0159idi\u010dsk\u00fd pr\u016fkaz na silnou motorku v osmn\u00e1cti letech&#8220; nemohla jsme tomu v\u016fbec uv\u011b\u0159it, ale bylo to tak. Byla jsem z toho nad\u0161en\u00e1, \u017ee jsem nemohla ani se radovat, jak jsem byla v p\u0159\u00edjemn\u00e9m v \u0161oku. Tak\u00e9 m\u011b pot\u011b\u0161ilo a velmi p\u0159ekvapilo, \u017ee mi m\u016fj otec daroval svou star\u0161\u00ed motorku, kterou \u00fapln\u011b miloval a byla jeho prvn\u00ed. Tohle bylo takov\u00e9 gesto, kter\u00e9 jsem nemohla odm\u00edtnout. P\u0159ekvapilo m\u011b, \u017ee mi otec d\u00e1v\u00e1 n\u011bco, co \u00fapln\u011b zbo\u017e\u0148oval. Byla to jeho prvn\u00ed v\u011bc, kterou si p\u0159\u00e1l a kterou tak\u00e9 dostal, kdy\u017e si ud\u011blal tak\u00e9 sv\u016fj \u0159idi\u010d\u00e1k na silnou motorku. Potom m\u011b tak\u00e9 pot\u011b\u0161ilo to, \u017ee alespo\u0148 jsem si nemusela zbyte\u010dn\u011b \u0161et\u0159it pen\u00edze na dal\u0161\u00ed drahou motorku. Tak\u017ee jsem opravdu r\u00e1da, \u017ee kone\u010dn\u011b m\u00e1m motorku, kterou jsem si p\u0159\u00e1la.\u00a0                                                                                                                                                                                                                                                                                                                                                                                                "},{"@context":"https:\/\/schema.org\/","@type":"BreadcrumbList","itemListElement":[{"@type":"ListItem","position":1,"name":"J\u00e1 a motorka","item":"https:\/\/www.bouzkova.cz\/ja-a-motorka\/#breadcrumbitem"}]}]