[{"@context":"https:\/\/schema.org\/","@type":"Article","@id":"https:\/\/www.bouzkova.cz\/bicykl-a-odev\/#Article","mainEntityOfPage":"https:\/\/www.bouzkova.cz\/bicykl-a-odev\/","headline":"Bicykl a od\u011bv","name":"Bicykl a od\u011bv","description":"Zde se ocitneme v m\u011bs\u00edc\u00edch, kdy je tepleji. I kdy\u017e jsou samoz\u0159ejm\u011b cyklist\u00e9, kte\u0159\u00ed jezd\u00ed cel\u00fd rok a nem\u00edn\u00ed s t\u00edm p\u0159estat. Inu, je to jejich v\u011bc a my jim jen m\u016f\u017eeme p\u0159\u00e1t cesty bez komplikac\u00ed a \u00faraz\u016f. Pod\u00edv\u00e1me se v\u0161ak do t\u011bch teplej\u0161\u00edch obdob\u00ed. Zde ji\u017e m\u016f\u017eeme zapomenout na svetry a zimn\u00ed bundy a [&hellip;]","datePublished":"2025-09-04","dateModified":"2025-09-04","author":{"@type":"Person","@id":"https:\/\/www.bouzkova.cz\/author\/#Person","name":"","url":"https:\/\/www.bouzkova.cz\/author\/","identifier":1,"image":{"@type":"ImageObject","@id":"https:\/\/secure.gravatar.com\/avatar\/f08fec9e5d161146672022190172bcb121f980bd7a64f251ea643f4b19d0f071?s=96&d=mm&r=g","url":"https:\/\/secure.gravatar.com\/avatar\/f08fec9e5d161146672022190172bcb121f980bd7a64f251ea643f4b19d0f071?s=96&d=mm&r=g","height":96,"width":96}},"publisher":{"@type":"Organization","name":"bouzkova.cz","logo":{"@type":"ImageObject","@id":"\/logo.png","url":"\/logo.png","width":600,"height":60}},"image":{"@type":"ImageObject","@id":"https:\/\/www.bouzkova.cz\/wp-content\/uploads\/pexels-bogdan-r-anton-338246-1088607.jpg","url":"https:\/\/www.bouzkova.cz\/wp-content\/uploads\/pexels-bogdan-r-anton-338246-1088607.jpg","height":0,"width":0},"url":"https:\/\/www.bouzkova.cz\/bicykl-a-odev\/","about":["N\u00e1kupy"],"wordCount":437,"articleBody":"       Zde se ocitneme v m\u011bs\u00edc\u00edch, kdy je tepleji. I kdy\u017e jsou samoz\u0159ejm\u011b cyklist\u00e9, kte\u0159\u00ed jezd\u00ed cel\u00fd rok a nem\u00edn\u00ed s t\u00edm p\u0159estat. Inu, je to jejich v\u011bc a my jim jen m\u016f\u017eeme p\u0159\u00e1t cesty bez komplikac\u00ed a \u00faraz\u016f. Pod\u00edv\u00e1me se v\u0161ak do t\u011bch teplej\u0161\u00edch obdob\u00ed. Zde ji\u017e m\u016f\u017eeme zapomenout na svetry a zimn\u00ed bundy a m\u016f\u017eeme se v\u011bnovat trik\u016fm a t\u0159eba i kr\u00e1tk\u00fdm kalhot\u00e1m. My se jich tedy p\u0159idr\u017e\u00edme, ale zv\u00fd\u0161\u00edme jejich d\u00e9lku. Kalhoty ur\u010den\u00e9 p\u0159edev\u0161\u00edm na bicykl jsou jist\u011b st\u0159edem z\u00e1jm\u016f v\u0161ech cyklist\u016f, co jich na\u0161e cesty nesou. V\u0161ichni cht\u011bj\u00ed m\u00edt oble\u010den\u00ed pevn\u00e9 a kvalitn\u00ed, ale tak\u00e9 z\u00e1rove\u0148 praktick\u00e9, a hlavn\u011b za jen trochu rozumnou cenu. Nikdo jist\u011b nem\u00edn\u00ed d\u00e1vat za kalhoty n\u011bjak\u00e9 vysok\u00e9 \u010d\u00e1stky. Ot\u00e1zka nyn\u00ed zn\u00ed, zda to v\u0161echno jde n\u011bjak\u00fd zp\u016fsobem skloubit dohromady tak, aby byl z\u00e1kazn\u00edk spokojen a firma nekrachla. A sv\u011bte div se, ono to jde a jde to pom\u011brn\u011b v pohod\u011b. Sta\u010d\u00ed se pod\u00edvat na to, co je to Silvini rango. Firmu jako takovou jist\u011b nem\u00e1 smysl n\u011bjak p\u0159edstavovat, proto\u017ee ji zn\u00e1 ka\u017ed\u00fd, kdo jen jednou sed\u011bl na kole a zaj\u00edmal se o oble\u010den\u00ed na n\u011bj. A\u010d zn\u00ed n\u00e1zev Italsky, jde o \u010deskou firmu, jej\u00ed\u017e zna\u010dka vznikla ji\u017e v roce dva tis\u00edce t\u0159i, ale firma samotn\u00e1 jako obchodn\u00edk a\u017e o asi p\u011bt let pozd\u011bji. N\u011bco spole\u010dn\u00e9ho v\u0161ak s It\u00e1li\u00ed m\u00e1, jinak by asi jej\u00ed n\u00e1zev nebyl takov\u00fd, jak\u00fd je. My v\u0161ak nebudeme pitvat pro\u010d a jak, ale pod\u00edv\u00e1me se na to, co n\u00e1m firma m\u016f\u017ee nab\u00eddnout. Proto\u017ee je to vlastn\u011b zna\u010dka sportovn\u00edho oble\u010den\u00ed na ly\u017ee a na kola, je to asi jasn\u00e9. Jen je\u0161t\u011b dlu\u017eno dodat, \u017ee firma pou\u017e\u00edv\u00e1 jen ty nejkvalitn\u011bj\u0161\u00ed materi\u00e1ly, kter\u00e9 jsou v sou\u010dasnosti k m\u00e1n\u00ed. V\u0161echny sv\u00e9 v\u00fdrobky pak nech\u00e1v\u00e1 pe\u010dliv\u011b testovat, a to tak\u00e9 nejen p\u0159\u00edmo ve firm\u011b, ale tak\u00e9 je d\u00e1v\u00e1 \u0161pi\u010dkov\u00fdm sportovc\u016fm. Ti se pak vyj\u00e1d\u0159\u00ed k tomu, co jim vad\u00ed a firma nedostatky ihned odstran\u00ed. Proto se u nich setk\u00e1te skute\u010dn\u011b jen s t\u00edm nejlep\u0161\u00edm. Pokud chcete n\u011bco od nich vid\u011bt, tak klikn\u011bte na odkaz.                                                                                                                                                                                                                                                                                                                                                                                                   "},{"@context":"https:\/\/schema.org\/","@type":"BreadcrumbList","itemListElement":[{"@type":"ListItem","position":1,"name":"Bicykl a od\u011bv","item":"https:\/\/www.bouzkova.cz\/bicykl-a-odev\/#breadcrumbitem"}]}]